{"id":512,"date":"2025-12-21T15:01:47","date_gmt":"2025-12-21T13:01:47","guid":{"rendered":"https:\/\/www.sukusairanen.fi\/?p=512"},"modified":"2025-12-21T15:04:32","modified_gmt":"2025-12-21T13:04:32","slug":"sukuseuran-joulutervehdys-2025","status":"publish","type":"post","link":"http:\/\/www.sukusairanen.fi\/?p=512","title":{"rendered":"Sukuseuran joulutervehdys 2025"},"content":{"rendered":"\n<figure class=\"wp-block-image size-large\"><a href=\"http:\/\/www.sukusairanen.fi\/wp-content\/uploads\/2025\/12\/Hyvaa-joulua-2025-Sairasten-sukuseuralaiset_pienempi.jpg\"><img loading=\"lazy\" decoding=\"async\" width=\"768\" height=\"1024\" src=\"http:\/\/www.sukusairanen.fi\/wp-content\/uploads\/2025\/12\/Hyvaa-joulua-2025-Sairasten-sukuseuralaiset_pienempi-768x1024.jpg\" alt=\"Kuvassa on kynttil\u00e4 lyhdyss\u00e4, Sairasten sukukirja sek\u00e4 teksti Hyv\u00e4\u00e4 Joulua.\" class=\"wp-image-513\" srcset=\"http:\/\/www.sukusairanen.fi\/wp-content\/uploads\/2025\/12\/Hyvaa-joulua-2025-Sairasten-sukuseuralaiset_pienempi-768x1024.jpg 768w, http:\/\/www.sukusairanen.fi\/wp-content\/uploads\/2025\/12\/Hyvaa-joulua-2025-Sairasten-sukuseuralaiset_pienempi-225x300.jpg 225w, http:\/\/www.sukusairanen.fi\/wp-content\/uploads\/2025\/12\/Hyvaa-joulua-2025-Sairasten-sukuseuralaiset_pienempi-1152x1536.jpg 1152w, http:\/\/www.sukusairanen.fi\/wp-content\/uploads\/2025\/12\/Hyvaa-joulua-2025-Sairasten-sukuseuralaiset_pienempi-624x832.jpg 624w, http:\/\/www.sukusairanen.fi\/wp-content\/uploads\/2025\/12\/Hyvaa-joulua-2025-Sairasten-sukuseuralaiset_pienempi.jpg 1200w\" sizes=\"auto, (max-width: 768px) 100vw, 768px\" \/><\/a><\/figure>\n\n\n\n<p>Hyv\u00e4 Sairasten sukuseuralainen!<\/p>\n\n\n\n<p>El\u00e4mme adventin aikaa kohti joulun rauhaa\u2026<\/p>\n\n\n\n<p>Alkuun pieni tiedote:\u00a0<strong><em>Sairasten sukukirjalla<\/em><\/strong><em>\u00a0on ollut kysynt\u00e4\u00e4, joten sen painos on ollut pitk\u00e4\u00e4n lopussa. Siit\u00e4 on siksi toivottu uusintapainosta. Hanke on p\u00e4\u00e4tetty toteuttaa, jos saamme painokselle v\u00e4hint\u00e4\u00e4n 20 tilaajaa. Pehme\u00e4kantisen kirjan hinnaksi tulee 40\u201350 \u20ac. Sitovat tilaukset tulee tehd\u00e4 maaliskuun 2026 loppuun menness\u00e4, jolloin kirjan saa kes\u00e4ksi. Jos haluat\u00a0<strong>sukukirjan uusintapainoksen<\/strong>, ilmoita siit\u00e4 puheenjohtajalle s\u00e4hk\u00f6postitse<\/em> <em>sari.suurinkeroinen(at)gmail.com<\/em>.<\/p>\n\n\n\n<p>Ymp\u00e4r\u00f6iv\u00e4st\u00e4 s\u00e4\u00e4tilasta riippumatta me toivotamme sinulle oikein hyv\u00e4\u00e4 ja rauhaisaa joulua sek\u00e4 onnellista uutta vuotta 2026!<\/p>\n\n\n\n<p>Koko sukuseuran hallitus &#8211; Sari, Sakari, Pirjo, Jarno, Ulla, Eetu ja Jukka.&nbsp;<\/p>\n","protected":false},"excerpt":{"rendered":"<p>Hyv\u00e4 Sairasten sukuseuralainen! El\u00e4mme adventin aikaa kohti joulun rauhaa\u2026 Alkuun pieni tiedote:\u00a0Sairasten sukukirjalla\u00a0on ollut kysynt\u00e4\u00e4, joten sen painos on ollut pitk\u00e4\u00e4n lopussa. Siit\u00e4 on siksi toivottu uusintapainosta. Hanke on p\u00e4\u00e4tetty toteuttaa, jos saamme painokselle v\u00e4hint\u00e4\u00e4n 20 tilaajaa. Pehme\u00e4kantisen kirjan hinnaksi tulee 40\u201350 \u20ac. Sitovat tilaukset tulee tehd\u00e4 maaliskuun 2026 loppuun menness\u00e4, jolloin kirjan saa kes\u00e4ksi. [&hellip;]<\/p>\n","protected":false},"author":1,"featured_media":0,"comment_status":"closed","ping_status":"closed","sticky":false,"template":"","format":"standard","meta":{"footnotes":""},"categories":[1],"tags":[19,7],"class_list":["post-512","post","type-post","status-publish","format-standard","hentry","category-yleinen","tag-joulutervehdys","tag-sukukirja-2"],"_links":{"self":[{"href":"http:\/\/www.sukusairanen.fi\/index.php?rest_route=\/wp\/v2\/posts\/512","targetHints":{"allow":["GET"]}}],"collection":[{"href":"http:\/\/www.sukusairanen.fi\/index.php?rest_route=\/wp\/v2\/posts"}],"about":[{"href":"http:\/\/www.sukusairanen.fi\/index.php?rest_route=\/wp\/v2\/types\/post"}],"author":[{"embeddable":true,"href":"http:\/\/www.sukusairanen.fi\/index.php?rest_route=\/wp\/v2\/users\/1"}],"replies":[{"embeddable":true,"href":"http:\/\/www.sukusairanen.fi\/index.php?rest_route=%2Fwp%2Fv2%2Fcomments&post=512"}],"version-history":[{"count":2,"href":"http:\/\/www.sukusairanen.fi\/index.php?rest_route=\/wp\/v2\/posts\/512\/revisions"}],"predecessor-version":[{"id":517,"href":"http:\/\/www.sukusairanen.fi\/index.php?rest_route=\/wp\/v2\/posts\/512\/revisions\/517"}],"wp:attachment":[{"href":"http:\/\/www.sukusairanen.fi\/index.php?rest_route=%2Fwp%2Fv2%2Fmedia&parent=512"}],"wp:term":[{"taxonomy":"category","embeddable":true,"href":"http:\/\/www.sukusairanen.fi\/index.php?rest_route=%2Fwp%2Fv2%2Fcategories&post=512"},{"taxonomy":"post_tag","embeddable":true,"href":"http:\/\/www.sukusairanen.fi\/index.php?rest_route=%2Fwp%2Fv2%2Ftags&post=512"}],"curies":[{"name":"wp","href":"https:\/\/api.w.org\/{rel}","templated":true}]}}