{"id":403,"date":"2024-11-22T20:01:41","date_gmt":"2024-11-22T18:01:41","guid":{"rendered":"https:\/\/www.sukusairanen.fi\/?p=403"},"modified":"2024-11-22T20:01:41","modified_gmt":"2024-11-22T18:01:41","slug":"sairasten-sukuseura-tayttaa-30-vuotta-tule-mukaan-sukujuhlaan","status":"publish","type":"post","link":"http:\/\/www.sukusairanen.fi\/?p=403","title":{"rendered":"Sairasten sukuseura t\u00e4ytt\u00e4\u00e4 30 vuotta &#8211; tule mukaan sukujuhlaan!"},"content":{"rendered":"\n<p>Sairasten sukuseura ry:n 30-vuotisjuhlaa vietet\u00e4\u00e4n lauantaina 9.8.2025 Imatran kylpyl\u00e4ss\u00e4. Tervetuloa mukaan vaikka koko perheen voimin!<\/p>\n\n\n\n<p>Laita p\u00e4iv\u00e4m\u00e4\u00e4r\u00e4 muistiin jo nyt &#8211; lis\u00e4tietoja tapahtumasta ja ilmoittautumisesta on luvassa my\u00f6hemmin sukuseuran verkkosivuilla, somekanavissa ja j\u00e4senkirjeess\u00e4.<\/p>\n\n\n\n<figure class=\"wp-block-image size-large\"><a href=\"https:\/\/www.sukusairanen.fi\/wp-content\/uploads\/2024\/11\/1000000099.jpg\"><img loading=\"lazy\" decoding=\"async\" width=\"1024\" height=\"1024\" src=\"https:\/\/www.sukusairanen.fi\/wp-content\/uploads\/2024\/11\/1000000099-1024x1024.jpg\" alt=\"\" class=\"wp-image-404\" srcset=\"http:\/\/www.sukusairanen.fi\/wp-content\/uploads\/2024\/11\/1000000099-1024x1024.jpg 1024w, http:\/\/www.sukusairanen.fi\/wp-content\/uploads\/2024\/11\/1000000099-300x300.jpg 300w, http:\/\/www.sukusairanen.fi\/wp-content\/uploads\/2024\/11\/1000000099-150x150.jpg 150w, http:\/\/www.sukusairanen.fi\/wp-content\/uploads\/2024\/11\/1000000099-768x768.jpg 768w, http:\/\/www.sukusairanen.fi\/wp-content\/uploads\/2024\/11\/1000000099-624x624.jpg 624w, http:\/\/www.sukusairanen.fi\/wp-content\/uploads\/2024\/11\/1000000099.jpg 1080w\" sizes=\"auto, (max-width: 1024px) 100vw, 1024px\" \/><\/a><\/figure>\n","protected":false},"excerpt":{"rendered":"<p>Sairasten sukuseura ry:n 30-vuotisjuhlaa vietet\u00e4\u00e4n lauantaina 9.8.2025 Imatran kylpyl\u00e4ss\u00e4. Tervetuloa mukaan vaikka koko perheen voimin! Laita p\u00e4iv\u00e4m\u00e4\u00e4r\u00e4 muistiin jo nyt &#8211; lis\u00e4tietoja tapahtumasta ja ilmoittautumisesta on luvassa my\u00f6hemmin sukuseuran verkkosivuilla, somekanavissa ja j\u00e4senkirjeess\u00e4.<\/p>\n","protected":false},"author":1,"featured_media":0,"comment_status":"closed","ping_status":"closed","sticky":false,"template":"","format":"standard","meta":{"footnotes":""},"categories":[1],"tags":[],"class_list":["post-403","post","type-post","status-publish","format-standard","hentry","category-yleinen"],"_links":{"self":[{"href":"http:\/\/www.sukusairanen.fi\/index.php?rest_route=\/wp\/v2\/posts\/403","targetHints":{"allow":["GET"]}}],"collection":[{"href":"http:\/\/www.sukusairanen.fi\/index.php?rest_route=\/wp\/v2\/posts"}],"about":[{"href":"http:\/\/www.sukusairanen.fi\/index.php?rest_route=\/wp\/v2\/types\/post"}],"author":[{"embeddable":true,"href":"http:\/\/www.sukusairanen.fi\/index.php?rest_route=\/wp\/v2\/users\/1"}],"replies":[{"embeddable":true,"href":"http:\/\/www.sukusairanen.fi\/index.php?rest_route=%2Fwp%2Fv2%2Fcomments&post=403"}],"version-history":[{"count":1,"href":"http:\/\/www.sukusairanen.fi\/index.php?rest_route=\/wp\/v2\/posts\/403\/revisions"}],"predecessor-version":[{"id":405,"href":"http:\/\/www.sukusairanen.fi\/index.php?rest_route=\/wp\/v2\/posts\/403\/revisions\/405"}],"wp:attachment":[{"href":"http:\/\/www.sukusairanen.fi\/index.php?rest_route=%2Fwp%2Fv2%2Fmedia&parent=403"}],"wp:term":[{"taxonomy":"category","embeddable":true,"href":"http:\/\/www.sukusairanen.fi\/index.php?rest_route=%2Fwp%2Fv2%2Fcategories&post=403"},{"taxonomy":"post_tag","embeddable":true,"href":"http:\/\/www.sukusairanen.fi\/index.php?rest_route=%2Fwp%2Fv2%2Ftags&post=403"}],"curies":[{"name":"wp","href":"https:\/\/api.w.org\/{rel}","templated":true}]}}