{"id":388,"date":"2024-07-13T16:04:13","date_gmt":"2024-07-13T13:04:13","guid":{"rendered":"http:\/\/www.sukusairanen.fi\/?p=388"},"modified":"2024-12-13T19:38:01","modified_gmt":"2024-12-13T17:38:01","slug":"sukututkimustapahtuma-savonlinnassa-3-8-2024","status":"publish","type":"post","link":"http:\/\/www.sukusairanen.fi\/?p=388","title":{"rendered":"Sukututkimustapahtuma Savonlinnassa"},"content":{"rendered":"\n<p>Sairasten sukuseura j\u00e4rjesti sukututkimukseen liittyv\u00e4n tapaamisen Savonlinnassa. Ajankohta oli loppukes\u00e4inen lauantai 3.8.2024 ja tapahtumapaikkana j\u00e4rjest\u00f6talo Kolomonen. Tarjoilusta vastasi Pirjo Falkstedtin, Ulla Solasaaren ja Sari Suurinkeroisen tiimi, joka oli loihtinut makeaa ja suolaista kahvin &amp; teen kera nautittavaksi. Meit\u00e4 osallistujia oli tullut paikan p\u00e4\u00e4lle kaksikymment\u00e4 ja linjojen p\u00e4\u00e4ss\u00e4 et\u00e4n\u00e4 oli nelj\u00e4 henkil\u00f6\u00e4.<\/p>\n\n\n\n<p>Tapahtuman aluksi sukuseuran puheenjohtaja Sari Suurinkeroinen esitteli kuvin ja sanoin sukuseuraa ja sen historiaa. Esityksess\u00e4\u00e4n Sari nosti esille muutamia merkkihenkil\u00f6it\u00e4 ja seuran keskeisi\u00e4 vaiheita. Johdantoesityst\u00e4 tukien Jarno Skogman kuvasi, mik\u00e4 on sukukirja, sen tausta ja nykyhetken tilanne.<\/p>\n\n\n\n<p>Varsinaiseen sukututkimukseen p\u00e4\u00e4stiin Pia Hy\u00f6kyvaaran luennossa. Pia esitteli DNA-tutkimuksen mahdollisuuksia yleisell\u00e4 tasolla antaen hy\u00f6dyllisi\u00e4 &#8221;n\u00e4ppis\u00e4\u00e4nt\u00f6j\u00e4&#8221; aiheesta. Pian esityst\u00e4 v\u00e4rittiv\u00e4t mainiosti h\u00e4nen oman sukunsa parissa tehdyt tutkimukset. Esitysten lopuksi Aija Sairanen Vantaalta kertoi hyvin maanl\u00e4heisesti my\u00f6s omakohtaisia kokemuksiaan sukututkimuksesta ja kertasi, miten h\u00e4n aikanaan p\u00e4\u00e4tyi tutkimaan sukuaan. Aija valotti, kuinka tutkimusty\u00f6h\u00f6n voi uppoutua kirjaimellisesti hyvinkin syv\u00e4lle, ja kuinka saavutetut l\u00f6yd\u00f6kset maksoivat takaisin koetun vaivann\u00e4\u00f6n.<\/p>\n\n\n\n<p>Esitysten j\u00e4lkeen osallistujilla oli mahdollisuus keskustella ja kysy\u00e4. Muutamia p\u00e4hkin\u00f6it\u00e4 annettiinkin seuran asiantuntijoille purtavaksi kuten my\u00f6s ohjaita jaettiin ihan k\u00e4dest\u00e4 pit\u00e4en.<\/p>\n\n\n\n<p>Kyseiselle p\u00e4iv\u00e4lle osui mit\u00e4 kaunein ja l\u00e4mpimin kes\u00e4keli. Tapahtuman tunnelma oli perinteisen kodikas, olihan paikalle saapunut parikin serkustiimi\u00e4. Niinp\u00e4 kes\u00e4kuulumisia vaihdettiin, muisteltiin menneit\u00e4 ja kerrattiin eletty\u00e4. T\u00e4m\u00e4kin on oleellinen osa tapahtumaa siivitt\u00e4\u00e4kseen seuraavaan tapaamiseen&#8230;<\/p>\n\n\n\n<p>Yhteen tultiin, hauskat haasteltiin, ja mukavaa oli!<\/p>\n\n\n\n<p>&#8211; Jukka Nokelainen<\/p>\n\n\n\n<figure class=\"wp-block-image size-large\"><a href=\"https:\/\/www.sukusairanen.fi\/wp-content\/uploads\/2024\/07\/Savonlinnan-sukutapahtuman-mainos_valmis.jpg\"><img loading=\"lazy\" decoding=\"async\" width=\"1024\" height=\"1024\" src=\"https:\/\/www.sukusairanen.fi\/wp-content\/uploads\/2024\/07\/Savonlinnan-sukutapahtuman-mainos_valmis-1024x1024.jpg\" alt=\"\" class=\"wp-image-395\" srcset=\"http:\/\/www.sukusairanen.fi\/wp-content\/uploads\/2024\/07\/Savonlinnan-sukutapahtuman-mainos_valmis-1024x1024.jpg 1024w, http:\/\/www.sukusairanen.fi\/wp-content\/uploads\/2024\/07\/Savonlinnan-sukutapahtuman-mainos_valmis-300x300.jpg 300w, http:\/\/www.sukusairanen.fi\/wp-content\/uploads\/2024\/07\/Savonlinnan-sukutapahtuman-mainos_valmis-150x150.jpg 150w, http:\/\/www.sukusairanen.fi\/wp-content\/uploads\/2024\/07\/Savonlinnan-sukutapahtuman-mainos_valmis-768x768.jpg 768w, http:\/\/www.sukusairanen.fi\/wp-content\/uploads\/2024\/07\/Savonlinnan-sukutapahtuman-mainos_valmis-624x624.jpg 624w, http:\/\/www.sukusairanen.fi\/wp-content\/uploads\/2024\/07\/Savonlinnan-sukutapahtuman-mainos_valmis.jpg 1080w\" sizes=\"auto, (max-width: 1024px) 100vw, 1024px\" \/><\/a><\/figure>\n","protected":false},"excerpt":{"rendered":"<p>Sairasten sukuseura j\u00e4rjesti sukututkimukseen liittyv\u00e4n tapaamisen Savonlinnassa. Ajankohta oli loppukes\u00e4inen lauantai 3.8.2024 ja tapahtumapaikkana j\u00e4rjest\u00f6talo Kolomonen. Tarjoilusta vastasi Pirjo Falkstedtin, Ulla Solasaaren ja Sari Suurinkeroisen tiimi, joka oli loihtinut makeaa ja suolaista kahvin &amp; teen kera nautittavaksi. Meit\u00e4 osallistujia oli tullut paikan p\u00e4\u00e4lle kaksikymment\u00e4 ja linjojen p\u00e4\u00e4ss\u00e4 et\u00e4n\u00e4 oli nelj\u00e4 henkil\u00f6\u00e4. Tapahtuman aluksi sukuseuran puheenjohtaja [&hellip;]<\/p>\n","protected":false},"author":1,"featured_media":0,"comment_status":"closed","ping_status":"closed","sticky":false,"template":"","format":"standard","meta":{"footnotes":""},"categories":[1],"tags":[],"class_list":["post-388","post","type-post","status-publish","format-standard","hentry","category-yleinen"],"_links":{"self":[{"href":"http:\/\/www.sukusairanen.fi\/index.php?rest_route=\/wp\/v2\/posts\/388","targetHints":{"allow":["GET"]}}],"collection":[{"href":"http:\/\/www.sukusairanen.fi\/index.php?rest_route=\/wp\/v2\/posts"}],"about":[{"href":"http:\/\/www.sukusairanen.fi\/index.php?rest_route=\/wp\/v2\/types\/post"}],"author":[{"embeddable":true,"href":"http:\/\/www.sukusairanen.fi\/index.php?rest_route=\/wp\/v2\/users\/1"}],"replies":[{"embeddable":true,"href":"http:\/\/www.sukusairanen.fi\/index.php?rest_route=%2Fwp%2Fv2%2Fcomments&post=388"}],"version-history":[{"count":5,"href":"http:\/\/www.sukusairanen.fi\/index.php?rest_route=\/wp\/v2\/posts\/388\/revisions"}],"predecessor-version":[{"id":408,"href":"http:\/\/www.sukusairanen.fi\/index.php?rest_route=\/wp\/v2\/posts\/388\/revisions\/408"}],"wp:attachment":[{"href":"http:\/\/www.sukusairanen.fi\/index.php?rest_route=%2Fwp%2Fv2%2Fmedia&parent=388"}],"wp:term":[{"taxonomy":"category","embeddable":true,"href":"http:\/\/www.sukusairanen.fi\/index.php?rest_route=%2Fwp%2Fv2%2Fcategories&post=388"},{"taxonomy":"post_tag","embeddable":true,"href":"http:\/\/www.sukusairanen.fi\/index.php?rest_route=%2Fwp%2Fv2%2Ftags&post=388"}],"curies":[{"name":"wp","href":"https:\/\/api.w.org\/{rel}","templated":true}]}}