{"id":380,"date":"2023-11-02T14:28:34","date_gmt":"2023-11-02T12:28:34","guid":{"rendered":"http:\/\/www.sukusairanen.fi\/?p=380"},"modified":"2023-11-02T14:28:34","modified_gmt":"2023-11-02T12:28:34","slug":"onnistunut-sukututkimustapahtuma-parikkalassa","status":"publish","type":"post","link":"http:\/\/www.sukusairanen.fi\/?p=380","title":{"rendered":"Onnistunut sukututkimustapahtuma Parikkalassa"},"content":{"rendered":"\n<p>Sairasten sukuseuran sukututkimustapahtuma Parikkalassa 16.9.2023 kiinnosti yleis\u00f6\u00e4. Puoti ja Kuppila Piika &amp; Rengiss\u00e4 j\u00e4rjestettyyn tilaisuuteen osallistui 33 henke\u00e4, joista lapsia oli kaksi ja hallituksen j\u00e4seni\u00e4 viisi. Kuppila j\u00e4rjesti ansiokkaasti kahvi-, tee- ja pullatarjoilun yhdistyksen laskuun.<\/p>\n\n\n\n<p>Monipuolinen ennakkomainonta kantoi satoa. Siihen kuului tapahtumaa pohjustanut <strong>Katri Kososen<\/strong>, 83, henkil\u00f6haastattelu Sairasten suurperheest\u00e4 1900-luvulta, menovinkki ja ostettu mainos Parikkalan-Rautj\u00e4rven Sanomissa, s\u00e4hk\u00f6posti- ja kirjeinfot sek\u00e4 paikalliset sein\u00e4mainokset. Lehti julkaisi my\u00f6s toimittajansa <strong>Lege Pajari-Kososen<\/strong> tekem\u00e4n kokosivun uutisjutun tapahtumasta pari viikkoa my\u00f6hemmin.<\/p>\n\n\n\n<p>Puheenjohtaja <strong>Sari Suurinkeroinen<\/strong> selvitti yhdistyksen vaiheita perustamisesta nykyaikaan. Sukuseuran k\u00e4ynnisti teollisuusneuvos <strong>Petter Sairanen<\/strong>, joka perusti muun muassa Domus-keitti\u00f6t. H\u00e4nen lahjoituksensa yhdistykselle varmisti sukukirjan tekemisen, joka julkaistiin 2016. Sari Suurinkeroinen korosti, ett\u00e4 uusien j\u00e4senten kautta uudet sukupolvet kiinnostuvat sukututkimuksesta. \u201dJ\u00e4senet ovat sukuseuran voima\u201d, h\u00e4n tiivisti.<\/p>\n\n\n\n<p><strong>Jarno Skogman<\/strong> k\u00e4sitteli kahdessa esityksess\u00e4\u00e4n, keit\u00e4 Parikkalan Sairaset ovat nykytiedon valossa. Sukututkija <strong>Pia Hy\u00f6kyvaara<\/strong> kiteytti DNA-tutkimuksen periaatteita. H\u00e4n kertoi Sairasten olevan alun perin Kerim\u00e4en alueen Naukkarisia.<\/p>\n\n\n\n<p>Seura jakoi osallistujille <strong>Ulla Silventoisen<\/strong> laatiman sukututkimuksen \u201daapisen\u201d. Lehtisess\u00e4 kuvaillaan sukututkimuksen peukalos\u00e4\u00e4nt\u00f6j\u00e4 ja ohjeita. Alustusten j\u00e4lkeen seurasi vilkas yleis\u00f6keskustelu.<\/p>\n\n\n\n<p>Parin tunnin tilaisuudesta poistui tyytyv\u00e4isi\u00e4, suvustaan hivenen viisaampia osallistujia mukanaan lis\u00e4ripaus sukututkimuksen innostusta.<\/p>\n\n\n\n<p>Tilaisuuden kulut olivat 230 \u20ac, mik\u00e4 sis\u00e4lt\u00e4\u00e4 tarjoilun, lehti-ilmoituksen ja kutsujen postituksen. Tapahtuma poiki muun muassa sukututkimispyynt\u00f6j\u00e4. Kyseess\u00e4 oli pilottihanke, jolle suunnitellaan jatkoa.<\/p>\n\n\n\n<p><em>Jukka Nokelainen, Sakari Sarkimaa<\/em><\/p>\n\n\n\n<figure class=\"wp-block-image size-large is-resized\"><a href=\"http:\/\/www.sukusairanen.fi\/wp-content\/uploads\/2023\/11\/sairaset-by-Lege-Pajari-Kosonen-scaled.jpg\"><img loading=\"lazy\" decoding=\"async\" src=\"http:\/\/www.sukusairanen.fi\/wp-content\/uploads\/2023\/11\/sairaset-by-Lege-Pajari-Kosonen-1024x768.jpg\" alt=\"\" class=\"wp-image-381\" width=\"655\" height=\"491\" srcset=\"http:\/\/www.sukusairanen.fi\/wp-content\/uploads\/2023\/11\/sairaset-by-Lege-Pajari-Kosonen-1024x768.jpg 1024w, http:\/\/www.sukusairanen.fi\/wp-content\/uploads\/2023\/11\/sairaset-by-Lege-Pajari-Kosonen-300x225.jpg 300w, http:\/\/www.sukusairanen.fi\/wp-content\/uploads\/2023\/11\/sairaset-by-Lege-Pajari-Kosonen-768x576.jpg 768w, http:\/\/www.sukusairanen.fi\/wp-content\/uploads\/2023\/11\/sairaset-by-Lege-Pajari-Kosonen-1536x1152.jpg 1536w, http:\/\/www.sukusairanen.fi\/wp-content\/uploads\/2023\/11\/sairaset-by-Lege-Pajari-Kosonen-2048x1536.jpg 2048w, http:\/\/www.sukusairanen.fi\/wp-content\/uploads\/2023\/11\/sairaset-by-Lege-Pajari-Kosonen-624x468.jpg 624w\" sizes=\"auto, (max-width: 655px) 100vw, 655px\" \/><\/a><figcaption class=\"wp-element-caption\">Sukutapahtuma Parikkalassa ker\u00e4si mukavasti osallistujia ja oli onnistunut pilotti sukuseuran tuleville paikallistapahtumille. Tapahtuman j\u00e4rjest\u00e4jist\u00e4 kuvassa sukuseuran puheenjohtaja Sari Suurinkeroinen (kolmas oikealta) ja sukututkija Piia Hy\u00f6kyvaara (nelj\u00e4s vasemmalta).  Kuva: Lege Pajari-Kosonen.<\/figcaption><\/figure>\n","protected":false},"excerpt":{"rendered":"<p>Sairasten sukuseuran sukututkimustapahtuma Parikkalassa 16.9.2023 kiinnosti yleis\u00f6\u00e4. Puoti ja Kuppila Piika &amp; Rengiss\u00e4 j\u00e4rjestettyyn tilaisuuteen osallistui 33 henke\u00e4, joista lapsia oli kaksi ja hallituksen j\u00e4seni\u00e4 viisi. Kuppila j\u00e4rjesti ansiokkaasti kahvi-, tee- ja pullatarjoilun yhdistyksen laskuun. Monipuolinen ennakkomainonta kantoi satoa. Siihen kuului tapahtumaa pohjustanut Katri Kososen, 83, henkil\u00f6haastattelu Sairasten suurperheest\u00e4 1900-luvulta, menovinkki ja ostettu mainos Parikkalan-Rautj\u00e4rven [&hellip;]<\/p>\n","protected":false},"author":1,"featured_media":0,"comment_status":"closed","ping_status":"closed","sticky":false,"template":"","format":"standard","meta":{"footnotes":""},"categories":[1],"tags":[],"class_list":["post-380","post","type-post","status-publish","format-standard","hentry","category-yleinen"],"_links":{"self":[{"href":"http:\/\/www.sukusairanen.fi\/index.php?rest_route=\/wp\/v2\/posts\/380","targetHints":{"allow":["GET"]}}],"collection":[{"href":"http:\/\/www.sukusairanen.fi\/index.php?rest_route=\/wp\/v2\/posts"}],"about":[{"href":"http:\/\/www.sukusairanen.fi\/index.php?rest_route=\/wp\/v2\/types\/post"}],"author":[{"embeddable":true,"href":"http:\/\/www.sukusairanen.fi\/index.php?rest_route=\/wp\/v2\/users\/1"}],"replies":[{"embeddable":true,"href":"http:\/\/www.sukusairanen.fi\/index.php?rest_route=%2Fwp%2Fv2%2Fcomments&post=380"}],"version-history":[{"count":1,"href":"http:\/\/www.sukusairanen.fi\/index.php?rest_route=\/wp\/v2\/posts\/380\/revisions"}],"predecessor-version":[{"id":382,"href":"http:\/\/www.sukusairanen.fi\/index.php?rest_route=\/wp\/v2\/posts\/380\/revisions\/382"}],"wp:attachment":[{"href":"http:\/\/www.sukusairanen.fi\/index.php?rest_route=%2Fwp%2Fv2%2Fmedia&parent=380"}],"wp:term":[{"taxonomy":"category","embeddable":true,"href":"http:\/\/www.sukusairanen.fi\/index.php?rest_route=%2Fwp%2Fv2%2Fcategories&post=380"},{"taxonomy":"post_tag","embeddable":true,"href":"http:\/\/www.sukusairanen.fi\/index.php?rest_route=%2Fwp%2Fv2%2Ftags&post=380"}],"curies":[{"name":"wp","href":"https:\/\/api.w.org\/{rel}","templated":true}]}}